{"id":1285,"date":"2024-07-25T14:41:47","date_gmt":"2024-07-25T14:41:47","guid":{"rendered":"https:\/\/epiicvet.com\/?p=1285"},"modified":"2024-07-26T11:26:50","modified_gmt":"2024-07-26T11:26:50","slug":"implantacion-del-twinestent-en-un-pomerania-con-colapso-traqueal","status":"publish","type":"post","link":"https:\/\/epiicvet.com\/en\/implantacion-del-twinestent-en-un-pomerania-con-colapso-traqueal\/","title":{"rendered":"TwineStent implantation in a Pomeranian with tracheal collapse"},"content":{"rendered":"<div data-elementor-type=\"wp-post\" data-elementor-id=\"1285\" class=\"elementor elementor-1285\" data-elementor-post-type=\"post\">\n\t\t\t\t<div data-particle_enable=\"false\" data-particle-mobile-disabled=\"false\" class=\"elementor-element elementor-element-1b78ace9 e-flex e-con-boxed parallax_section_no qode_elementor_container_no e-con e-parent\" data-id=\"1b78ace9\" data-element_type=\"container\">\n\t\t\t\t\t<div class=\"e-con-inner\">\n\t\t\t\t<div class=\"elementor-element elementor-element-33148f9 elementor-widget elementor-widget-image\" data-id=\"33148f9\" data-element_type=\"widget\" data-widget_type=\"image.default\">\n\t\t\t\t<div class=\"elementor-widget-container\">\n\t\t\t<style>\/*! elementor - v3.23.0 - 25-07-2024 *\/\n.elementor-widget-image{text-align:center}.elementor-widget-image a{display:inline-block}.elementor-widget-image a img[src$=\".svg\"]{width:48px}.elementor-widget-image img{vertical-align:middle;display:inline-block}<\/style>\t\t\t\t\t\t\t\t\t\t<img fetchpriority=\"high\" decoding=\"async\" width=\"169\" height=\"300\" src=\"https:\/\/epiicvet.com\/wp-content\/uploads\/2024\/07\/2153-169x300.jpg\" class=\"attachment-medium size-medium wp-image-1286\" alt=\"\" srcset=\"https:\/\/epiicvet.com\/wp-content\/uploads\/2024\/07\/2153-169x300.jpg 169w, https:\/\/epiicvet.com\/wp-content\/uploads\/2024\/07\/2153-576x1024.jpg 576w, https:\/\/epiicvet.com\/wp-content\/uploads\/2024\/07\/2153-768x1365.jpg 768w, https:\/\/epiicvet.com\/wp-content\/uploads\/2024\/07\/2153-864x1536.jpg 864w, https:\/\/epiicvet.com\/wp-content\/uploads\/2024\/07\/2153-700x1244.jpg 700w, https:\/\/epiicvet.com\/wp-content\/uploads\/2024\/07\/2153.jpg 900w\" sizes=\"(max-width: 169px) 100vw, 169px\" \/>\t\t\t\t\t\t\t\t\t\t\t\t\t<\/div>\n\t\t\t\t<\/div>\n\t\t\t\t<div class=\"elementor-element elementor-element-47a488e1 elementor-widget__width-inherit elementor-widget elementor-widget-text-editor\" data-id=\"47a488e1\" data-element_type=\"widget\" data-widget_type=\"text-editor.default\">\n\t\t\t\t<div class=\"elementor-widget-container\">\n\t\t\t<style>\/*! elementor - v3.23.0 - 25-07-2024 *\/\n.elementor-widget-text-editor.elementor-drop-cap-view-stacked .elementor-drop-cap{background-color:#69727d;color:#fff}.elementor-widget-text-editor.elementor-drop-cap-view-framed .elementor-drop-cap{color:#69727d;border:3px solid;background-color:transparent}.elementor-widget-text-editor:not(.elementor-drop-cap-view-default) .elementor-drop-cap{margin-top:8px}.elementor-widget-text-editor:not(.elementor-drop-cap-view-default) .elementor-drop-cap-letter{width:1em;height:1em}.elementor-widget-text-editor .elementor-drop-cap{float:left;text-align:center;line-height:1;font-size:50px}.elementor-widget-text-editor .elementor-drop-cap-letter{display:inline-block}<\/style>\t\t\t\t<!-- wp:group {\"layout\":{\"type\":\"flex\",\"orientation\":\"vertical\"}} -->\n<div class=\"wp-block-group\"><!-- wp:paragraph -->\n<p><strong>Introduction<\/strong><\/p>\n<!-- \/wp:paragraph --><!-- wp:paragraph -->\n<p>Neutered male Pomeranian, 5 years old. He presented with coughing symptoms of more than 1 year of evolution, increased during times of excitement and some nights. He presented constant panting and intermittent snoring, however, the owners did not point out any intolerance to exercise.<\/p>\n<!-- \/wp:paragraph --><!-- wp:group {\"layout\":{\"type\":\"flex\",\"flexWrap\":\"nowrap\"}} -->\n<div class=\"wp-block-group\"><!-- wp:paragraph -->\n<p>A diagnosis of tracheal collapse was made by fluoroscopy under cough reflex of tracheal collapse. Endoscopically it was classified as grade II-III depending on the tracheal segment (cervical\/intrathoracic). No bronchial involvement.<\/p>\n<p>\u00a0<\/p>\n<p><strong>Description of the procedure<\/strong><\/p>\n<\/div>\n<!-- \/wp:paragraph --><!-- wp:paragraph -->\n<p>Due to his age and clinical condition, the patient was not suitable for traditional stent implantation. After informing the guardian about the possibility of TwineStent implantation and the reversible nature of the procedure, it was decided to proceed.<\/p>\n<!-- \/wp:paragraph --><!-- wp:paragraph -->\n<p>The prosthesis was implanted over the entire tracheal length. The TwineStent was inserted with the technique described as Twining without problem and fixed to the cranial tracheal ring with a 5-0 non-absorbable suture. Because the prosthesis was 1 cm longer than desired, an extratracheal loop (fixed with the suture) was left in place.<\/p>\n<!-- \/wp:paragraph --><!-- wp:paragraph -->\n<p>Medication with oral and inhaled corticosteroids, antitussives and antibiotics was prescribed as recommended, ending 21 days post-intervention.<\/p>\n<p>\u00a0<\/p>\n<p><strong>Result<\/strong><\/p>\n<!-- \/wp:paragraph --><!-- wp:paragraph --><!-- \/wp:paragraph --><!-- wp:paragraph --><!-- \/wp:paragraph --><!-- wp:paragraph -->\n<p>Immediately after the operation, the patient showed no respiratory disturbance. All medication could be withdrawn without any problems after 21 days.<\/p>\n<!-- \/wp:paragraph --><!-- wp:paragraph -->\n<p>Currently, the patient has not been on medication for three years and has no symptoms associated with tracheal collapse.<\/p>\n<!-- \/wp:paragraph --><!-- wp:paragraph -->\n<p>\u00a0<\/p>\n<!-- \/wp:paragraph --><!-- wp:paragraph -->\n<p><strong>Conclusion<\/strong>The use of the TwineStent tracheal stent proved to be a safe and effective therapeutic option for tracheal collapse. The possibility of removing the prosthesis made it possible to operate on a young patient with a low degree of tracheal collapse thanks to the safety of the device.<\/p>\n<!-- \/wp:paragraph --><\/div>\n<!-- \/wp:group --><!-- wp:paragraph -->\n<p>\u00a0<\/p>\n<!-- \/wp:paragraph --><!-- wp:paragraph {\"style\":{\"elements\":{\"link\":{\"color\":{\"text\":\"var:preset|color|white\"}}}},\"backgroundColor\":\"cyan-bluish-gray\",\"textColor\":\"white\"} -->\n<p class=\"has-white-color has-cyan-bluish-gray-background-color has-text-color has-background has-link-color\"><strong>Practitioner's comments.<\/strong> \"The use of the TwineStent is a long-term alternative in animals with a low degree of tracheal collapse\".<\/p>\n<!-- \/wp:paragraph --><!-- wp:paragraph -->\n<p>\u00a0<\/p>\n<!-- \/wp:paragraph -->\t\t\t\t\t\t<\/div>\n\t\t\t\t<\/div>\n\t\t\t\t\t<\/div>\n\t\t\t\t<\/div>\n\t\t<div data-particle_enable=\"false\" data-particle-mobile-disabled=\"false\" class=\"elementor-element elementor-element-91a7043 e-flex e-con-boxed parallax_section_no qode_elementor_container_no e-con e-parent\" data-id=\"91a7043\" data-element_type=\"container\">\n\t\t\t\t\t<div class=\"e-con-inner\">\n\t\t\t\t<div class=\"elementor-element elementor-element-c812050 elementor-widget elementor-widget-image\" data-id=\"c812050\" data-element_type=\"widget\" data-widget_type=\"image.default\">\n\t\t\t\t<div class=\"elementor-widget-container\">\n\t\t\t\t\t\t\t\t\t\t\t\t\t<img decoding=\"async\" width=\"768\" height=\"576\" src=\"https:\/\/epiicvet.com\/wp-content\/uploads\/2024\/07\/11558-768x576.jpg\" class=\"attachment-medium_large size-medium_large wp-image-1373\" alt=\"\" srcset=\"https:\/\/epiicvet.com\/wp-content\/uploads\/2024\/07\/11558-768x576.jpg 768w, https:\/\/epiicvet.com\/wp-content\/uploads\/2024\/07\/11558-300x225.jpg 300w, https:\/\/epiicvet.com\/wp-content\/uploads\/2024\/07\/11558-1024x768.jpg 1024w, https:\/\/epiicvet.com\/wp-content\/uploads\/2024\/07\/11558-1536x1152.jpg 1536w, https:\/\/epiicvet.com\/wp-content\/uploads\/2024\/07\/11558-800x600.jpg 800w, https:\/\/epiicvet.com\/wp-content\/uploads\/2024\/07\/11558-700x525.jpg 700w, https:\/\/epiicvet.com\/wp-content\/uploads\/2024\/07\/11558.jpg 1600w\" sizes=\"(max-width: 768px) 100vw, 768px\" \/>\t\t\t\t\t\t\t\t\t\t\t\t\t<\/div>\n\t\t\t\t<\/div>\n\t\t\t\t\t<\/div>\n\t\t\t\t<\/div>\n\t\t\t\t<\/div>","protected":false},"excerpt":{"rendered":"<p>Introducci\u00f3n Pomerania macho castrado de 5 a\u00f1os de edad. Acudi\u00f3 a consulta con cl\u00ednica de tos de m\u00e1s de 1 a\u00f1o de evoluci\u00f3n, incrementada durante los momentos de excitaci\u00f3n y algunas noche. Presentaba jadeo constante y ronquido intermitente, sin embargo, los due\u00f1os no se\u00f1alaron intolerancia&#8230;<\/p>","protected":false},"author":2,"featured_media":1286,"comment_status":"open","ping_status":"open","sticky":false,"template":"elementor_header_footer","format":"standard","meta":{"_monsterinsights_skip_tracking":false,"_monsterinsights_sitenote_active":false,"_monsterinsights_sitenote_note":"","_monsterinsights_sitenote_category":0,"footnotes":""},"categories":[20],"tags":[17,18,19],"class_list":["post-1285","post","type-post","status-publish","format-standard","has-post-thumbnail","hentry","category-twinestent","tag-caso-clinico","tag-colapso-traqueal","tag-twinestent"],"yoast_head":"<!-- This site is optimized with the Yoast SEO Premium plugin v23.1 (Yoast SEO v23.1) - https:\/\/yoast.com\/wordpress\/plugins\/seo\/ -->\n<title>Implantaci\u00f3n del TwineStent en un Pomerania con colapso traqueal - EpiicVet<\/title>\n<meta name=\"description\" content=\"Se implant\u00f3 el dispositivo TwineStent en un paciente pomerania de 5 a\u00f1os con colapso traqueal grado II-III.\" \/>\n<meta name=\"robots\" content=\"index, follow, max-snippet:-1, max-image-preview:large, max-video-preview:-1\" \/>\n<link rel=\"canonical\" href=\"https:\/\/epiicvet.com\/en\/implantacion-del-twinestent-en-un-pomerania-con-colapso-traqueal\/\" \/>\n<meta property=\"og:locale\" content=\"en_GB\" \/>\n<meta property=\"og:type\" content=\"article\" \/>\n<meta property=\"og:title\" content=\"Implantaci\u00f3n del TwineStent en un Pomerania con colapso traqueal\" \/>\n<meta property=\"og:description\" content=\"Se implant\u00f3 el dispositivo TwineStent en un paciente pomerania de 5 a\u00f1os con colapso traqueal grado II-III.\" \/>\n<meta property=\"og:url\" content=\"https:\/\/epiicvet.com\/en\/implantacion-del-twinestent-en-un-pomerania-con-colapso-traqueal\/\" \/>\n<meta property=\"og:site_name\" content=\"EpiicVet\" \/>\n<meta property=\"article:publisher\" content=\"https:\/\/www.facebook.com\/epiicvet\" \/>\n<meta property=\"article:published_time\" content=\"2024-07-25T14:41:47+00:00\" \/>\n<meta property=\"article:modified_time\" content=\"2024-07-26T11:26:50+00:00\" \/>\n<meta property=\"og:image\" content=\"https:\/\/epiicvet.com\/wp-content\/uploads\/2024\/07\/2153.jpg\" \/>\n\t<meta property=\"og:image:width\" content=\"900\" \/>\n\t<meta property=\"og:image:height\" content=\"1600\" \/>\n\t<meta property=\"og:image:type\" content=\"image\/jpeg\" \/>\n<meta name=\"author\" content=\"sandra\" \/>\n<meta name=\"twitter:card\" content=\"summary_large_image\" \/>\n<meta name=\"twitter:label1\" content=\"Written by\" \/>\n\t<meta name=\"twitter:data1\" content=\"sandra\" \/>\n\t<meta name=\"twitter:label2\" content=\"Estimated reading time\" \/>\n\t<meta name=\"twitter:data2\" content=\"2 minutes\" \/>\n<script type=\"application\/ld+json\" class=\"yoast-schema-graph\">{\"@context\":\"https:\/\/schema.org\",\"@graph\":[{\"@type\":[\"Article\",\"BlogPosting\"],\"@id\":\"https:\/\/epiicvet.com\/implantacion-del-twinestent-en-un-pomerania-con-colapso-traqueal\/#article\",\"isPartOf\":{\"@id\":\"https:\/\/epiicvet.com\/implantacion-del-twinestent-en-un-pomerania-con-colapso-traqueal\/\"},\"author\":{\"name\":\"sandra\",\"@id\":\"https:\/\/epiicvet.com\/#\/schema\/person\/76bf9337fd785392ec6e4df6163a8bdf\"},\"headline\":\"Implantaci\u00f3n del TwineStent en un Pomerania con colapso traqueal\",\"datePublished\":\"2024-07-25T14:41:47+00:00\",\"dateModified\":\"2024-07-26T11:26:50+00:00\",\"mainEntityOfPage\":{\"@id\":\"https:\/\/epiicvet.com\/implantacion-del-twinestent-en-un-pomerania-con-colapso-traqueal\/\"},\"wordCount\":343,\"commentCount\":0,\"publisher\":{\"@id\":\"https:\/\/epiicvet.com\/#organization\"},\"image\":{\"@id\":\"https:\/\/epiicvet.com\/implantacion-del-twinestent-en-un-pomerania-con-colapso-traqueal\/#primaryimage\"},\"thumbnailUrl\":\"https:\/\/epiicvet.com\/wp-content\/uploads\/2024\/07\/2153.jpg\",\"keywords\":[\"Caso cl\u00ednico\",\"Colapso traqueal\",\"TwineStent\"],\"articleSection\":[\"TwineStent\"],\"inLanguage\":\"en-GB\",\"potentialAction\":[{\"@type\":\"CommentAction\",\"name\":\"Comment\",\"target\":[\"https:\/\/epiicvet.com\/implantacion-del-twinestent-en-un-pomerania-con-colapso-traqueal\/#respond\"]}]},{\"@type\":\"WebPage\",\"@id\":\"https:\/\/epiicvet.com\/implantacion-del-twinestent-en-un-pomerania-con-colapso-traqueal\/\",\"url\":\"https:\/\/epiicvet.com\/implantacion-del-twinestent-en-un-pomerania-con-colapso-traqueal\/\",\"name\":\"Implantaci\u00f3n del TwineStent en un Pomerania con colapso traqueal - EpiicVet\",\"isPartOf\":{\"@id\":\"https:\/\/epiicvet.com\/#website\"},\"primaryImageOfPage\":{\"@id\":\"https:\/\/epiicvet.com\/implantacion-del-twinestent-en-un-pomerania-con-colapso-traqueal\/#primaryimage\"},\"image\":{\"@id\":\"https:\/\/epiicvet.com\/implantacion-del-twinestent-en-un-pomerania-con-colapso-traqueal\/#primaryimage\"},\"thumbnailUrl\":\"https:\/\/epiicvet.com\/wp-content\/uploads\/2024\/07\/2153.jpg\",\"datePublished\":\"2024-07-25T14:41:47+00:00\",\"dateModified\":\"2024-07-26T11:26:50+00:00\",\"description\":\"Se implant\u00f3 el dispositivo TwineStent en un paciente pomerania de 5 a\u00f1os con colapso traqueal grado II-III.\",\"breadcrumb\":{\"@id\":\"https:\/\/epiicvet.com\/implantacion-del-twinestent-en-un-pomerania-con-colapso-traqueal\/#breadcrumb\"},\"inLanguage\":\"en-GB\",\"potentialAction\":[{\"@type\":\"ReadAction\",\"target\":[\"https:\/\/epiicvet.com\/implantacion-del-twinestent-en-un-pomerania-con-colapso-traqueal\/\"]}]},{\"@type\":\"ImageObject\",\"inLanguage\":\"en-GB\",\"@id\":\"https:\/\/epiicvet.com\/implantacion-del-twinestent-en-un-pomerania-con-colapso-traqueal\/#primaryimage\",\"url\":\"https:\/\/epiicvet.com\/wp-content\/uploads\/2024\/07\/2153.jpg\",\"contentUrl\":\"https:\/\/epiicvet.com\/wp-content\/uploads\/2024\/07\/2153.jpg\",\"width\":900,\"height\":1600,\"caption\":\"Implantaci\u00f3n del TwineStent en un colapsador grado II-III\"},{\"@type\":\"BreadcrumbList\",\"@id\":\"https:\/\/epiicvet.com\/implantacion-del-twinestent-en-un-pomerania-con-colapso-traqueal\/#breadcrumb\",\"itemListElement\":[{\"@type\":\"ListItem\",\"position\":1,\"name\":\"Portada\",\"item\":\"https:\/\/epiicvet.com\/\"},{\"@type\":\"ListItem\",\"position\":2,\"name\":\"Implantaci\u00f3n del TwineStent en un Pomerania con colapso traqueal\"}]},{\"@type\":\"WebSite\",\"@id\":\"https:\/\/epiicvet.com\/#website\",\"url\":\"https:\/\/epiicvet.com\/\",\"name\":\"Epiicvet\",\"description\":\"Dispositivos veterinarios para la v\u00eda a\u00e9rea. Nuevo Stent para el tratamiento del colapso traqueal y pr\u00f3tesis para el abordaje de estenosis lar\u00edngeas\",\"publisher\":{\"@id\":\"https:\/\/epiicvet.com\/#organization\"},\"potentialAction\":[{\"@type\":\"SearchAction\",\"target\":{\"@type\":\"EntryPoint\",\"urlTemplate\":\"https:\/\/epiicvet.com\/?s={search_term_string}\"},\"query-input\":\"required name=search_term_string\"}],\"inLanguage\":\"en-GB\"},{\"@type\":\"Organization\",\"@id\":\"https:\/\/epiicvet.com\/#organization\",\"name\":\"Epiicvet\",\"url\":\"https:\/\/epiicvet.com\/\",\"logo\":{\"@type\":\"ImageObject\",\"inLanguage\":\"en-GB\",\"@id\":\"https:\/\/epiicvet.com\/#\/schema\/logo\/image\/\",\"url\":\"https:\/\/epiicvet.com\/wp-content\/uploads\/2024\/07\/epiicvet_logo_original.png\",\"contentUrl\":\"https:\/\/epiicvet.com\/wp-content\/uploads\/2024\/07\/epiicvet_logo_original.png\",\"width\":2084,\"height\":813,\"caption\":\"Epiicvet\"},\"image\":{\"@id\":\"https:\/\/epiicvet.com\/#\/schema\/logo\/image\/\"},\"sameAs\":[\"https:\/\/www.facebook.com\/epiicvet\",\"https:\/\/www.instagram.com\/epiicvet\",\"https:\/\/www.linkedin.com\/company\/epiicvet\"],\"description\":\"Desarrollo y fabricaci\u00f3n de dispositivos de m\u00ednima invasi\u00f3n para mascotas. Actualmente centrada en Stents para el sistema respiratorio.\",\"email\":\"info@epiicvet.com\",\"telephone\":\"614221258\",\"legalName\":\"Epic Innova, S.L.\",\"numberOfEmployees\":{\"@type\":\"QuantitativeValue\",\"minValue\":\"1\",\"maxValue\":\"10\"}},{\"@type\":\"Person\",\"@id\":\"https:\/\/epiicvet.com\/#\/schema\/person\/76bf9337fd785392ec6e4df6163a8bdf\",\"name\":\"sandra\",\"image\":{\"@type\":\"ImageObject\",\"inLanguage\":\"en-GB\",\"@id\":\"https:\/\/epiicvet.com\/#\/schema\/person\/image\/\",\"url\":\"https:\/\/epiicvet.com\/wp-content\/litespeed\/avatar\/6ccad3a70b65893c7daba9577531d085.jpg?ver=1777337090\",\"contentUrl\":\"https:\/\/epiicvet.com\/wp-content\/litespeed\/avatar\/6ccad3a70b65893c7daba9577531d085.jpg?ver=1777337090\",\"caption\":\"sandra\"},\"url\":\"https:\/\/epiicvet.com\/en\/author\/sandra\/\"}]}<\/script>\n<!-- \/ Yoast SEO Premium plugin. -->","yoast_head_json":{"title":"Implantaci\u00f3n del TwineStent en un Pomerania con colapso traqueal - EpiicVet","description":"Se implant\u00f3 el dispositivo TwineStent en un paciente pomerania de 5 a\u00f1os con colapso traqueal grado II-III.","robots":{"index":"index","follow":"follow","max-snippet":"max-snippet:-1","max-image-preview":"max-image-preview:large","max-video-preview":"max-video-preview:-1"},"canonical":"https:\/\/epiicvet.com\/en\/implantacion-del-twinestent-en-un-pomerania-con-colapso-traqueal\/","og_locale":"en_GB","og_type":"article","og_title":"Implantaci\u00f3n del TwineStent en un Pomerania con colapso traqueal","og_description":"Se implant\u00f3 el dispositivo TwineStent en un paciente pomerania de 5 a\u00f1os con colapso traqueal grado II-III.","og_url":"https:\/\/epiicvet.com\/en\/implantacion-del-twinestent-en-un-pomerania-con-colapso-traqueal\/","og_site_name":"EpiicVet","article_publisher":"https:\/\/www.facebook.com\/epiicvet","article_published_time":"2024-07-25T14:41:47+00:00","article_modified_time":"2024-07-26T11:26:50+00:00","og_image":[{"width":900,"height":1600,"url":"https:\/\/epiicvet.com\/wp-content\/uploads\/2024\/07\/2153.jpg","type":"image\/jpeg"}],"author":"sandra","twitter_card":"summary_large_image","twitter_misc":{"Written by":"sandra","Estimated reading time":"2 minutes"},"schema":{"@context":"https:\/\/schema.org","@graph":[{"@type":["Article","BlogPosting"],"@id":"https:\/\/epiicvet.com\/implantacion-del-twinestent-en-un-pomerania-con-colapso-traqueal\/#article","isPartOf":{"@id":"https:\/\/epiicvet.com\/implantacion-del-twinestent-en-un-pomerania-con-colapso-traqueal\/"},"author":{"name":"sandra","@id":"https:\/\/epiicvet.com\/#\/schema\/person\/76bf9337fd785392ec6e4df6163a8bdf"},"headline":"Implantaci\u00f3n del TwineStent en un Pomerania con colapso traqueal","datePublished":"2024-07-25T14:41:47+00:00","dateModified":"2024-07-26T11:26:50+00:00","mainEntityOfPage":{"@id":"https:\/\/epiicvet.com\/implantacion-del-twinestent-en-un-pomerania-con-colapso-traqueal\/"},"wordCount":343,"commentCount":0,"publisher":{"@id":"https:\/\/epiicvet.com\/#organization"},"image":{"@id":"https:\/\/epiicvet.com\/implantacion-del-twinestent-en-un-pomerania-con-colapso-traqueal\/#primaryimage"},"thumbnailUrl":"https:\/\/epiicvet.com\/wp-content\/uploads\/2024\/07\/2153.jpg","keywords":["Caso cl\u00ednico","Colapso traqueal","TwineStent"],"articleSection":["TwineStent"],"inLanguage":"en-GB","potentialAction":[{"@type":"CommentAction","name":"Comment","target":["https:\/\/epiicvet.com\/implantacion-del-twinestent-en-un-pomerania-con-colapso-traqueal\/#respond"]}]},{"@type":"WebPage","@id":"https:\/\/epiicvet.com\/implantacion-del-twinestent-en-un-pomerania-con-colapso-traqueal\/","url":"https:\/\/epiicvet.com\/implantacion-del-twinestent-en-un-pomerania-con-colapso-traqueal\/","name":"Implantaci\u00f3n del TwineStent en un Pomerania con colapso traqueal - EpiicVet","isPartOf":{"@id":"https:\/\/epiicvet.com\/#website"},"primaryImageOfPage":{"@id":"https:\/\/epiicvet.com\/implantacion-del-twinestent-en-un-pomerania-con-colapso-traqueal\/#primaryimage"},"image":{"@id":"https:\/\/epiicvet.com\/implantacion-del-twinestent-en-un-pomerania-con-colapso-traqueal\/#primaryimage"},"thumbnailUrl":"https:\/\/epiicvet.com\/wp-content\/uploads\/2024\/07\/2153.jpg","datePublished":"2024-07-25T14:41:47+00:00","dateModified":"2024-07-26T11:26:50+00:00","description":"Se implant\u00f3 el dispositivo TwineStent en un paciente pomerania de 5 a\u00f1os con colapso traqueal grado II-III.","breadcrumb":{"@id":"https:\/\/epiicvet.com\/implantacion-del-twinestent-en-un-pomerania-con-colapso-traqueal\/#breadcrumb"},"inLanguage":"en-GB","potentialAction":[{"@type":"ReadAction","target":["https:\/\/epiicvet.com\/implantacion-del-twinestent-en-un-pomerania-con-colapso-traqueal\/"]}]},{"@type":"ImageObject","inLanguage":"en-GB","@id":"https:\/\/epiicvet.com\/implantacion-del-twinestent-en-un-pomerania-con-colapso-traqueal\/#primaryimage","url":"https:\/\/epiicvet.com\/wp-content\/uploads\/2024\/07\/2153.jpg","contentUrl":"https:\/\/epiicvet.com\/wp-content\/uploads\/2024\/07\/2153.jpg","width":900,"height":1600,"caption":"Implantaci\u00f3n del TwineStent en un colapsador grado II-III"},{"@type":"BreadcrumbList","@id":"https:\/\/epiicvet.com\/implantacion-del-twinestent-en-un-pomerania-con-colapso-traqueal\/#breadcrumb","itemListElement":[{"@type":"ListItem","position":1,"name":"Portada","item":"https:\/\/epiicvet.com\/"},{"@type":"ListItem","position":2,"name":"Implantaci\u00f3n del TwineStent en un Pomerania con colapso traqueal"}]},{"@type":"WebSite","@id":"https:\/\/epiicvet.com\/#website","url":"https:\/\/epiicvet.com\/","name":"Epiicvet","description":"Dispositivos veterinarios para la v\u00eda a\u00e9rea. Nuevo Stent para el tratamiento del colapso traqueal y pr\u00f3tesis para el abordaje de estenosis lar\u00edngeas","publisher":{"@id":"https:\/\/epiicvet.com\/#organization"},"potentialAction":[{"@type":"SearchAction","target":{"@type":"EntryPoint","urlTemplate":"https:\/\/epiicvet.com\/?s={search_term_string}"},"query-input":"required name=search_term_string"}],"inLanguage":"en-GB"},{"@type":"Organization","@id":"https:\/\/epiicvet.com\/#organization","name":"Epiicvet","url":"https:\/\/epiicvet.com\/","logo":{"@type":"ImageObject","inLanguage":"en-GB","@id":"https:\/\/epiicvet.com\/#\/schema\/logo\/image\/","url":"https:\/\/epiicvet.com\/wp-content\/uploads\/2024\/07\/epiicvet_logo_original.png","contentUrl":"https:\/\/epiicvet.com\/wp-content\/uploads\/2024\/07\/epiicvet_logo_original.png","width":2084,"height":813,"caption":"Epiicvet"},"image":{"@id":"https:\/\/epiicvet.com\/#\/schema\/logo\/image\/"},"sameAs":["https:\/\/www.facebook.com\/epiicvet","https:\/\/www.instagram.com\/epiicvet","https:\/\/www.linkedin.com\/company\/epiicvet"],"description":"Desarrollo y fabricaci\u00f3n de dispositivos de m\u00ednima invasi\u00f3n para mascotas. Actualmente centrada en Stents para el sistema respiratorio.","email":"info@epiicvet.com","telephone":"614221258","legalName":"Epic Innova, S.L.","numberOfEmployees":{"@type":"QuantitativeValue","minValue":"1","maxValue":"10"}},{"@type":"Person","@id":"https:\/\/epiicvet.com\/#\/schema\/person\/76bf9337fd785392ec6e4df6163a8bdf","name":"sandra","image":{"@type":"ImageObject","inLanguage":"en-GB","@id":"https:\/\/epiicvet.com\/#\/schema\/person\/image\/","url":"https:\/\/epiicvet.com\/wp-content\/litespeed\/avatar\/6ccad3a70b65893c7daba9577531d085.jpg?ver=1777337090","contentUrl":"https:\/\/epiicvet.com\/wp-content\/litespeed\/avatar\/6ccad3a70b65893c7daba9577531d085.jpg?ver=1777337090","caption":"sandra"},"url":"https:\/\/epiicvet.com\/en\/author\/sandra\/"}]}},"_links":{"self":[{"href":"https:\/\/epiicvet.com\/en\/wp-json\/wp\/v2\/posts\/1285"}],"collection":[{"href":"https:\/\/epiicvet.com\/en\/wp-json\/wp\/v2\/posts"}],"about":[{"href":"https:\/\/epiicvet.com\/en\/wp-json\/wp\/v2\/types\/post"}],"author":[{"embeddable":true,"href":"https:\/\/epiicvet.com\/en\/wp-json\/wp\/v2\/users\/2"}],"replies":[{"embeddable":true,"href":"https:\/\/epiicvet.com\/en\/wp-json\/wp\/v2\/comments?post=1285"}],"version-history":[{"count":22,"href":"https:\/\/epiicvet.com\/en\/wp-json\/wp\/v2\/posts\/1285\/revisions"}],"predecessor-version":[{"id":1381,"href":"https:\/\/epiicvet.com\/en\/wp-json\/wp\/v2\/posts\/1285\/revisions\/1381"}],"wp:featuredmedia":[{"embeddable":true,"href":"https:\/\/epiicvet.com\/en\/wp-json\/wp\/v2\/media\/1286"}],"wp:attachment":[{"href":"https:\/\/epiicvet.com\/en\/wp-json\/wp\/v2\/media?parent=1285"}],"wp:term":[{"taxonomy":"category","embeddable":true,"href":"https:\/\/epiicvet.com\/en\/wp-json\/wp\/v2\/categories?post=1285"},{"taxonomy":"post_tag","embeddable":true,"href":"https:\/\/epiicvet.com\/en\/wp-json\/wp\/v2\/tags?post=1285"}],"curies":[{"name":"wp","href":"https:\/\/api.w.org\/{rel}","templated":true}]}}